{"id":9994,"date":"2025-12-02T14:03:38","date_gmt":"2025-12-02T14:03:38","guid":{"rendered":"https:\/\/ranpal.org\/?p=9994"},"modified":"2025-12-02T16:53:33","modified_gmt":"2025-12-02T16:53:33","slug":"la-practica-del-dih-en-el-eln-noticiero-nacional","status":"publish","type":"post","link":"https:\/\/ranpal.org\/?p=9994","title":{"rendered":"LA PR\u00c1CTICA DEL DIH EN EL ELN.  NOTICIERO NACIONAL"},"content":{"rendered":"<p>                          <a href='https:\/\/postimg.cc\/ZC4LDGVC' target='_blank'><img src='https:\/\/i.postimg.cc\/Kvgs4FTr\/W96-NOTICIERO-NACIONAL-IMAPCTO-COL.jpg' border='0' alt='W96-NOTICIERO-NACIONAL-IMAPCTO-COL'><\/a><\/p>\n<p><strong>C<\/strong>ompartimos con nuestros compa\u00f1er@s la emisi\u00f3n n\u00famero 96 de su <strong>Noticiero Nacional Impacto Colombiano, una producci\u00f3n del Sistema Informativo Patria Libre del ELN, recogiendo el sentir y el pensar de las clases populares. Hoy les dejamos el reporte desde el Catatumbo sobre la entrega de 11 retenidos por parte del Frente de Guerra NorOriental <\/strong>y ratificando la pr\u00e1ctica del Derecho Internacional Humanitario en la praxis revolucionaria elena. Adem\u00e1s, el editorial semanal del Comando Central, la reciente columna del Comandante Antonio Garcia, informe de regiones y mirada internacional.<\/p>\n<p><a href=\"https:\/\/radio.eln-voces.net\/public\/ranpal\" target=\"_blank\">OIR O DESCARGAR NOTICIERO #96 DESDE AZURACAST<\/a><\/p>\n<p><strong>Ranpal \u00abVoz y sentir del pueblo colombiano\u00bb.<\/strong><br \/>\nBogot\u00e1 martes 02 diciembre 2025.<br \/>\n<strong>\u00a1Palestina Libre!<\/strong><\/p>\n<p><iframe src=\"https:\/\/www.ivoox.com\/player_ej_163588100_6_1.html?c1=e42904\" width=\"100%\" height=\"200\" frameborder=\"0\" allowfullscreen=\"\" scrolling=\"no\" loading=\"lazy\"><\/iframe><\/p>\n","protected":false},"excerpt":{"rendered":"<p>Compartimos con nuestros compa\u00f1er@s la emisi\u00f3n n\u00famero 96 de su Noticiero Nacional Impacto Colombiano, una<\/p>\n","protected":false},"author":2,"featured_media":0,"comment_status":"open","ping_status":"open","sticky":false,"template":"","format":"standard","meta":{"h5ap_radio_sources":[],"footnotes":""},"categories":[557],"tags":[228,133,404,655,320],"class_list":["post-9994","post","type-post","status-publish","format-standard","hentry","category-noticiero-impacto-colombiano","tag-catatumbo","tag-colombia","tag-dih","tag-eln-61-anos","tag-noticias"],"_links":{"self":[{"href":"https:\/\/ranpal.org\/index.php?rest_route=\/wp\/v2\/posts\/9994","targetHints":{"allow":["GET"]}}],"collection":[{"href":"https:\/\/ranpal.org\/index.php?rest_route=\/wp\/v2\/posts"}],"about":[{"href":"https:\/\/ranpal.org\/index.php?rest_route=\/wp\/v2\/types\/post"}],"author":[{"embeddable":true,"href":"https:\/\/ranpal.org\/index.php?rest_route=\/wp\/v2\/users\/2"}],"replies":[{"embeddable":true,"href":"https:\/\/ranpal.org\/index.php?rest_route=%2Fwp%2Fv2%2Fcomments&post=9994"}],"version-history":[{"count":3,"href":"https:\/\/ranpal.org\/index.php?rest_route=\/wp\/v2\/posts\/9994\/revisions"}],"predecessor-version":[{"id":9998,"href":"https:\/\/ranpal.org\/index.php?rest_route=\/wp\/v2\/posts\/9994\/revisions\/9998"}],"wp:attachment":[{"href":"https:\/\/ranpal.org\/index.php?rest_route=%2Fwp%2Fv2%2Fmedia&parent=9994"}],"wp:term":[{"taxonomy":"category","embeddable":true,"href":"https:\/\/ranpal.org\/index.php?rest_route=%2Fwp%2Fv2%2Fcategories&post=9994"},{"taxonomy":"post_tag","embeddable":true,"href":"https:\/\/ranpal.org\/index.php?rest_route=%2Fwp%2Fv2%2Ftags&post=9994"}],"curies":[{"name":"wp","href":"https:\/\/api.w.org\/{rel}","templated":true}]}}